{"id":3814,"date":"2020-07-27T14:11:05","date_gmt":"2020-07-27T14:11:05","guid":{"rendered":"https:\/\/www.hotelstil.com\/?p=3814"},"modified":"2020-07-27T14:15:20","modified_gmt":"2020-07-27T14:15:20","slug":"protocol-de-preventie-si-protectie-covid-19-2","status":"publish","type":"post","link":"https:\/\/www.hotelstil.com\/en\/protocol-de-preventie-si-protectie-covid-19-2\/","title":{"rendered":"COVID-19 Prevention and Protection Protocol"},"content":{"rendered":"<p>\u00cen contextul prevenirii contamin\u0103rii cu SARS-COV-2 la reluarea activit\u0103\u021bii, Managementul Hotel Stil realizeaz\u0103 un Plan de Ac\u021biuni cu caracter obligatoriu care \u00ee\u0219i are fundamentul \u00een directivele legislative emise la nivel na\u021bional de c\u0103tre autorit\u0103\u021bi, recomand\u0103rile Organiza\u021biei Mondiale a S\u0103n\u0103t\u0103\u021bii \u0219i a considera\u021biilor opera\u021bionale\u00a0 transmise de speciali\u0219ti din industria HoReCa<\/p>\n<p>Planul de Ac\u021biuni con\u021bine m\u0103suri igienico-sanitare noi \u0219i proceduri revizuite care au rolul de a proteja si preveni angaja\u021bii \u0219i oaspe\u021bii de o posibil\u0103 infectare cu noul coronavirus.<\/p>\n<p>Printre cele mai importante sec\u021biuni ale Planului de Ac\u021biune amintim:<\/p>\n<p>\u25a1 Evaluarea riscurilor specifice condi\u021biilor de contaminare epidemiologic\u0103<\/p>\n<p>\u25a1 Actualizarea procedurilor de cur\u0103\u021benie \u0219i dezinfec\u021bie spa\u021bii<\/p>\n<p>\u25a1 Identificarea activit\u0103\u021bilor\/Facilit\u0103\u021bilor care necesit\u0103 suspendare temporar\u0103<\/p>\n<p>\u25a1 Protocol de Preven\u021bie si Protec\u021bie pentru angaja\u021bi, oaspe\u021bi \u0219i furnizori<\/p>\n<p>\u25a1 Informarea oaspe\u021bilor cu privire la precau\u021biunile universal valabile \u0219i noile norme de conduit\u0103 \u00een incinta propriet\u0103\u021bii<\/p>\n<p>\u25a1 Actualizarea procedurilor de lucru specifice fiec\u0103rui tip de activitate<\/p>\n<p>\u25a1 Re-instruirea angaja\u021bilor \u0219i introducerea procedurilor de triaj epidemiologic \u00eenainte de intrarea \u00een tur\u0103<\/p>\n<p>\u25a1 Introducerea procedurilor obligatorii de decontaminare \u0219i triaj epidemiologic oaspe\u021bi la intrarea \u00een incint\u0103<\/p>\n<p>\u25a1 Instituirea unei Echipe de criza COVID-19 format\u0103 din reprezentan\u021bii fiec\u0103rui departament relevant<\/p>\n<p>\u25a1 Documentarea ac\u021biunilor pentru monitorizarea corect\u0103 \u0219i demonstrarea implement\u0103rii m\u0103surilor prev\u0103zute<\/p>\n<p>\u25a1 Emiterea unui Protocol de gestionare eficient\u0103 a situa\u021biilor de posibil\u0103 infectare \u0219i multe altele.<\/p>\n<p>Acest Plan este respectat cu ajutorul fiec\u0103rui membru valoros al echipei Hotel Stil, a furnizorilor de servicii medicale din Medicina Muncii, a colaboratorilor locali din domeniul\u00a0 sanitar-veterinar \u0219i a sus\u021binerii voastre ca \u0219i client \u0219i avoca\u021bi ai unei comunit\u0103\u021bi responsabile. Echipa de Management monitorizeaz\u0103 permanent aceste m\u0103suri \u0219i aduce constant \u00eembun\u0103t\u0103\u021biri pentru a se alinia cu noile prevederi legale \u00een vigoare \u0219i necesit\u0103\u021bile organismului.<\/p>\n<p>Dac\u0103 dore\u0219ti s\u0103 afli cum avem grij\u0103 de tine, te rug\u0103m s\u0103 consul\u021bi:<\/p>\n<p><a href=\"https:\/\/hotelstil.com\/wp-content\/uploads\/2020\/07\/HOTEL%20STIL%20Protocol%20de%20Preven%C8%9Bie%20%C8%99i%20Protec%C8%9Bie%20COVID-19.pdf\" target=\"_blank\" rel=\"noopener noreferrer\">\u201cHotel Stil \u2013 Protocol de Preven\u021bie \u0219i Protec\u021bie COVID-19\u201d<\/a><\/p>\n<p>Dac\u0103 te numeri printre viitori oaspe\u021bi, te rug\u0103m s\u0103 te informezi anterior sosirii cu privire la:<\/p>\n<p><a href=\"https:\/\/hotelstil.com\/wp-content\/uploads\/2020\/07\/HOTEL%20STIL%20Norme%20de%20conduita%20la%20cazare%20COVID-19.pdf\" target=\"_blank\" rel=\"noopener noreferrer\">\u201cHOTEL STIL \u2013 Norme de conduit\u0103 la cazare COVID-19\u201d<\/a><\/p>\n<p><a href=\"https:\/\/hotelstil.com\/wp-content\/uploads\/2020\/07\/HOTEL-STIL-Norme-de-conduita-la-terasa-COVID-19.pdf\" target=\"_blank\" rel=\"noopener noreferrer\">\u201cHOTEL STIL \u2013 Norme de conduit\u0103 la teras\u0103 COVID-19\u201d<\/a><\/p>\n<div style=\"margin: 20px 0;\"><div class=\"qrcswholewtapper\" style=\"text-align:left;\"><div class=\"qrcprowrapper\"  id=\"qrcwraa2leds\"><div class=\"qrc_canvass\" id=\"qrc_cuttenpages_2\" style=\"display:none\" data-text=\"https:\/\/www.hotelstil.com\/en\/protocol-de-preventie-si-protectie-covid-19-2\/\"><\/div><\/div><\/div><\/div>","protected":false},"excerpt":{"rendered":"<p>\u00cen contextul prevenirii contamin\u0103rii cu SARS-COV-2 la reluarea activit\u0103\u021bii, Managementul Hotel Stil realizeaz\u0103 un Plan de Ac\u021biuni cu caracter obligatoriu care \u00ee\u0219i [&hellip;]<\/p>\n","protected":false},"author":2,"featured_media":3807,"comment_status":"open","ping_status":"open","sticky":false,"template":"","format":"standard","meta":{"_acf_changed":false,"footnotes":""},"categories":[1],"tags":[],"class_list":["post-3814","post","type-post","status-publish","format-standard","has-post-thumbnail","hentry","category-uncategorized-ro"],"acf":[],"yoast_head":"<!-- This site is optimized with the Yoast SEO plugin v27.4 - https:\/\/yoast.com\/product\/yoast-seo-wordpress\/ -->\n<title>Protocol de Preven\u021bie \u0219i Protec\u021bie COVID-19 - Hotel Stil<\/title>\n<meta name=\"robots\" content=\"index, follow, max-snippet:-1, max-image-preview:large, max-video-preview:-1\" \/>\n<link rel=\"canonical\" href=\"https:\/\/www.hotelstil.com\/en\/protocol-de-preventie-si-protectie-covid-19-2\/\" \/>\n<meta property=\"og:locale\" content=\"en_US\" \/>\n<meta property=\"og:type\" content=\"article\" \/>\n<meta property=\"og:title\" content=\"Protocol de Preven\u021bie \u0219i Protec\u021bie COVID-19 - Hotel Stil\" \/>\n<meta property=\"og:description\" content=\"\u00cen contextul prevenirii contamin\u0103rii cu SARS-COV-2 la reluarea activit\u0103\u021bii, Managementul Hotel Stil realizeaz\u0103 un Plan de Ac\u021biuni cu caracter obligatoriu care \u00ee\u0219i [&hellip;]\" \/>\n<meta property=\"og:url\" content=\"https:\/\/www.hotelstil.com\/en\/protocol-de-preventie-si-protectie-covid-19-2\/\" \/>\n<meta property=\"og:site_name\" content=\"Hotel Stil\" \/>\n<meta property=\"article:published_time\" content=\"2020-07-27T14:11:05+00:00\" \/>\n<meta property=\"article:modified_time\" content=\"2020-07-27T14:15:20+00:00\" \/>\n<meta property=\"og:image\" content=\"https:\/\/www.hotelstil.com\/wp-content\/uploads\/2020\/07\/MXM_3912-Articol-IULIE-scaled.jpg\" \/>\n\t<meta property=\"og:image:width\" content=\"2560\" \/>\n\t<meta property=\"og:image:height\" content=\"1707\" \/>\n\t<meta property=\"og:image:type\" content=\"image\/jpeg\" \/>\n<meta name=\"author\" content=\"andra\" \/>\n<meta name=\"twitter:card\" content=\"summary_large_image\" \/>\n<meta name=\"twitter:label1\" content=\"Written by\" \/>\n\t<meta name=\"twitter:data1\" content=\"andra\" \/>\n\t<meta name=\"twitter:label2\" content=\"Est. reading time\" \/>\n\t<meta name=\"twitter:data2\" content=\"2 minutes\" \/>\n<script type=\"application\/ld+json\" class=\"yoast-schema-graph\">{\"@context\":\"https:\\\/\\\/schema.org\",\"@graph\":[{\"@type\":\"Article\",\"@id\":\"https:\\\/\\\/www.hotelstil.com\\\/protocol-de-preventie-si-protectie-covid-19-2\\\/#article\",\"isPartOf\":{\"@id\":\"https:\\\/\\\/www.hotelstil.com\\\/protocol-de-preventie-si-protectie-covid-19-2\\\/\"},\"author\":{\"name\":\"andra\",\"@id\":\"https:\\\/\\\/www.hotelstil.com\\\/#\\\/schema\\\/person\\\/7062fcac1ab2dd3499c501a2d73b2701\"},\"headline\":\"Protocol de Preven\u021bie \u0219i Protec\u021bie COVID-19\",\"datePublished\":\"2020-07-27T14:11:05+00:00\",\"dateModified\":\"2020-07-27T14:15:20+00:00\",\"mainEntityOfPage\":{\"@id\":\"https:\\\/\\\/www.hotelstil.com\\\/protocol-de-preventie-si-protectie-covid-19-2\\\/\"},\"wordCount\":389,\"commentCount\":0,\"image\":{\"@id\":\"https:\\\/\\\/www.hotelstil.com\\\/protocol-de-preventie-si-protectie-covid-19-2\\\/#primaryimage\"},\"thumbnailUrl\":\"https:\\\/\\\/www.hotelstil.com\\\/wp-content\\\/uploads\\\/2020\\\/07\\\/MXM_3912-Articol-IULIE-scaled.jpg\",\"articleSection\":[\"Uncategorized @ro\"],\"inLanguage\":\"en-US\",\"potentialAction\":[{\"@type\":\"CommentAction\",\"name\":\"Comment\",\"target\":[\"https:\\\/\\\/www.hotelstil.com\\\/protocol-de-preventie-si-protectie-covid-19-2\\\/#respond\"]}]},{\"@type\":\"WebPage\",\"@id\":\"https:\\\/\\\/www.hotelstil.com\\\/protocol-de-preventie-si-protectie-covid-19-2\\\/\",\"url\":\"https:\\\/\\\/www.hotelstil.com\\\/protocol-de-preventie-si-protectie-covid-19-2\\\/\",\"name\":\"Protocol de Preven\u021bie \u0219i Protec\u021bie COVID-19 - Hotel Stil\",\"isPartOf\":{\"@id\":\"https:\\\/\\\/www.hotelstil.com\\\/#website\"},\"primaryImageOfPage\":{\"@id\":\"https:\\\/\\\/www.hotelstil.com\\\/protocol-de-preventie-si-protectie-covid-19-2\\\/#primaryimage\"},\"image\":{\"@id\":\"https:\\\/\\\/www.hotelstil.com\\\/protocol-de-preventie-si-protectie-covid-19-2\\\/#primaryimage\"},\"thumbnailUrl\":\"https:\\\/\\\/www.hotelstil.com\\\/wp-content\\\/uploads\\\/2020\\\/07\\\/MXM_3912-Articol-IULIE-scaled.jpg\",\"datePublished\":\"2020-07-27T14:11:05+00:00\",\"dateModified\":\"2020-07-27T14:15:20+00:00\",\"author\":{\"@id\":\"https:\\\/\\\/www.hotelstil.com\\\/#\\\/schema\\\/person\\\/7062fcac1ab2dd3499c501a2d73b2701\"},\"inLanguage\":\"en-US\",\"potentialAction\":[{\"@type\":\"ReadAction\",\"target\":[\"https:\\\/\\\/www.hotelstil.com\\\/protocol-de-preventie-si-protectie-covid-19-2\\\/\"]}]},{\"@type\":\"ImageObject\",\"inLanguage\":\"en-US\",\"@id\":\"https:\\\/\\\/www.hotelstil.com\\\/protocol-de-preventie-si-protectie-covid-19-2\\\/#primaryimage\",\"url\":\"https:\\\/\\\/www.hotelstil.com\\\/wp-content\\\/uploads\\\/2020\\\/07\\\/MXM_3912-Articol-IULIE-scaled.jpg\",\"contentUrl\":\"https:\\\/\\\/www.hotelstil.com\\\/wp-content\\\/uploads\\\/2020\\\/07\\\/MXM_3912-Articol-IULIE-scaled.jpg\",\"width\":2560,\"height\":1707},{\"@type\":\"WebSite\",\"@id\":\"https:\\\/\\\/www.hotelstil.com\\\/#website\",\"url\":\"https:\\\/\\\/www.hotelstil.com\\\/\",\"name\":\"Hotel Stil\",\"description\":\"\",\"potentialAction\":[{\"@type\":\"SearchAction\",\"target\":{\"@type\":\"EntryPoint\",\"urlTemplate\":\"https:\\\/\\\/www.hotelstil.com\\\/?s={search_term_string}\"},\"query-input\":{\"@type\":\"PropertyValueSpecification\",\"valueRequired\":true,\"valueName\":\"search_term_string\"}}],\"inLanguage\":\"en-US\"},{\"@type\":\"Person\",\"@id\":\"https:\\\/\\\/www.hotelstil.com\\\/#\\\/schema\\\/person\\\/7062fcac1ab2dd3499c501a2d73b2701\",\"name\":\"andra\",\"image\":{\"@type\":\"ImageObject\",\"inLanguage\":\"en-US\",\"@id\":\"https:\\\/\\\/secure.gravatar.com\\\/avatar\\\/d9830be728292e424460fc0632fae96cf2c1aa5771e5fca7634db3abeebbc0c0?s=96&d=mm&r=g\",\"url\":\"https:\\\/\\\/secure.gravatar.com\\\/avatar\\\/d9830be728292e424460fc0632fae96cf2c1aa5771e5fca7634db3abeebbc0c0?s=96&d=mm&r=g\",\"contentUrl\":\"https:\\\/\\\/secure.gravatar.com\\\/avatar\\\/d9830be728292e424460fc0632fae96cf2c1aa5771e5fca7634db3abeebbc0c0?s=96&d=mm&r=g\",\"caption\":\"andra\"},\"url\":\"https:\\\/\\\/www.hotelstil.com\\\/en\\\/author\\\/andra\\\/\"}]}<\/script>\n<!-- \/ Yoast SEO plugin. -->","yoast_head_json":{"title":"Protocol de Preven\u021bie \u0219i Protec\u021bie COVID-19 - Hotel Stil","robots":{"index":"index","follow":"follow","max-snippet":"max-snippet:-1","max-image-preview":"max-image-preview:large","max-video-preview":"max-video-preview:-1"},"canonical":"https:\/\/www.hotelstil.com\/en\/protocol-de-preventie-si-protectie-covid-19-2\/","og_locale":"en_US","og_type":"article","og_title":"Protocol de Preven\u021bie \u0219i Protec\u021bie COVID-19 - Hotel Stil","og_description":"\u00cen contextul prevenirii contamin\u0103rii cu SARS-COV-2 la reluarea activit\u0103\u021bii, Managementul Hotel Stil realizeaz\u0103 un Plan de Ac\u021biuni cu caracter obligatoriu care \u00ee\u0219i [&hellip;]","og_url":"https:\/\/www.hotelstil.com\/en\/protocol-de-preventie-si-protectie-covid-19-2\/","og_site_name":"Hotel Stil","article_published_time":"2020-07-27T14:11:05+00:00","article_modified_time":"2020-07-27T14:15:20+00:00","og_image":[{"width":2560,"height":1707,"url":"https:\/\/www.hotelstil.com\/wp-content\/uploads\/2020\/07\/MXM_3912-Articol-IULIE-scaled.jpg","type":"image\/jpeg"}],"author":"andra","twitter_card":"summary_large_image","twitter_misc":{"Written by":"andra","Est. reading time":"2 minutes"},"schema":{"@context":"https:\/\/schema.org","@graph":[{"@type":"Article","@id":"https:\/\/www.hotelstil.com\/protocol-de-preventie-si-protectie-covid-19-2\/#article","isPartOf":{"@id":"https:\/\/www.hotelstil.com\/protocol-de-preventie-si-protectie-covid-19-2\/"},"author":{"name":"andra","@id":"https:\/\/www.hotelstil.com\/#\/schema\/person\/7062fcac1ab2dd3499c501a2d73b2701"},"headline":"Protocol de Preven\u021bie \u0219i Protec\u021bie COVID-19","datePublished":"2020-07-27T14:11:05+00:00","dateModified":"2020-07-27T14:15:20+00:00","mainEntityOfPage":{"@id":"https:\/\/www.hotelstil.com\/protocol-de-preventie-si-protectie-covid-19-2\/"},"wordCount":389,"commentCount":0,"image":{"@id":"https:\/\/www.hotelstil.com\/protocol-de-preventie-si-protectie-covid-19-2\/#primaryimage"},"thumbnailUrl":"https:\/\/www.hotelstil.com\/wp-content\/uploads\/2020\/07\/MXM_3912-Articol-IULIE-scaled.jpg","articleSection":["Uncategorized @ro"],"inLanguage":"en-US","potentialAction":[{"@type":"CommentAction","name":"Comment","target":["https:\/\/www.hotelstil.com\/protocol-de-preventie-si-protectie-covid-19-2\/#respond"]}]},{"@type":"WebPage","@id":"https:\/\/www.hotelstil.com\/protocol-de-preventie-si-protectie-covid-19-2\/","url":"https:\/\/www.hotelstil.com\/protocol-de-preventie-si-protectie-covid-19-2\/","name":"Protocol de Preven\u021bie \u0219i Protec\u021bie COVID-19 - Hotel Stil","isPartOf":{"@id":"https:\/\/www.hotelstil.com\/#website"},"primaryImageOfPage":{"@id":"https:\/\/www.hotelstil.com\/protocol-de-preventie-si-protectie-covid-19-2\/#primaryimage"},"image":{"@id":"https:\/\/www.hotelstil.com\/protocol-de-preventie-si-protectie-covid-19-2\/#primaryimage"},"thumbnailUrl":"https:\/\/www.hotelstil.com\/wp-content\/uploads\/2020\/07\/MXM_3912-Articol-IULIE-scaled.jpg","datePublished":"2020-07-27T14:11:05+00:00","dateModified":"2020-07-27T14:15:20+00:00","author":{"@id":"https:\/\/www.hotelstil.com\/#\/schema\/person\/7062fcac1ab2dd3499c501a2d73b2701"},"inLanguage":"en-US","potentialAction":[{"@type":"ReadAction","target":["https:\/\/www.hotelstil.com\/protocol-de-preventie-si-protectie-covid-19-2\/"]}]},{"@type":"ImageObject","inLanguage":"en-US","@id":"https:\/\/www.hotelstil.com\/protocol-de-preventie-si-protectie-covid-19-2\/#primaryimage","url":"https:\/\/www.hotelstil.com\/wp-content\/uploads\/2020\/07\/MXM_3912-Articol-IULIE-scaled.jpg","contentUrl":"https:\/\/www.hotelstil.com\/wp-content\/uploads\/2020\/07\/MXM_3912-Articol-IULIE-scaled.jpg","width":2560,"height":1707},{"@type":"WebSite","@id":"https:\/\/www.hotelstil.com\/#website","url":"https:\/\/www.hotelstil.com\/","name":"Hotel Stil","description":"","potentialAction":[{"@type":"SearchAction","target":{"@type":"EntryPoint","urlTemplate":"https:\/\/www.hotelstil.com\/?s={search_term_string}"},"query-input":{"@type":"PropertyValueSpecification","valueRequired":true,"valueName":"search_term_string"}}],"inLanguage":"en-US"},{"@type":"Person","@id":"https:\/\/www.hotelstil.com\/#\/schema\/person\/7062fcac1ab2dd3499c501a2d73b2701","name":"andra","image":{"@type":"ImageObject","inLanguage":"en-US","@id":"https:\/\/secure.gravatar.com\/avatar\/d9830be728292e424460fc0632fae96cf2c1aa5771e5fca7634db3abeebbc0c0?s=96&d=mm&r=g","url":"https:\/\/secure.gravatar.com\/avatar\/d9830be728292e424460fc0632fae96cf2c1aa5771e5fca7634db3abeebbc0c0?s=96&d=mm&r=g","contentUrl":"https:\/\/secure.gravatar.com\/avatar\/d9830be728292e424460fc0632fae96cf2c1aa5771e5fca7634db3abeebbc0c0?s=96&d=mm&r=g","caption":"andra"},"url":"https:\/\/www.hotelstil.com\/en\/author\/andra\/"}]}},"_links":{"self":[{"href":"https:\/\/www.hotelstil.com\/en\/wp-json\/wp\/v2\/posts\/3814","targetHints":{"allow":["GET"]}}],"collection":[{"href":"https:\/\/www.hotelstil.com\/en\/wp-json\/wp\/v2\/posts"}],"about":[{"href":"https:\/\/www.hotelstil.com\/en\/wp-json\/wp\/v2\/types\/post"}],"author":[{"embeddable":true,"href":"https:\/\/www.hotelstil.com\/en\/wp-json\/wp\/v2\/users\/2"}],"replies":[{"embeddable":true,"href":"https:\/\/www.hotelstil.com\/en\/wp-json\/wp\/v2\/comments?post=3814"}],"version-history":[{"count":0,"href":"https:\/\/www.hotelstil.com\/en\/wp-json\/wp\/v2\/posts\/3814\/revisions"}],"wp:featuredmedia":[{"embeddable":true,"href":"https:\/\/www.hotelstil.com\/en\/wp-json\/wp\/v2\/media\/3807"}],"wp:attachment":[{"href":"https:\/\/www.hotelstil.com\/en\/wp-json\/wp\/v2\/media?parent=3814"}],"wp:term":[{"taxonomy":"category","embeddable":true,"href":"https:\/\/www.hotelstil.com\/en\/wp-json\/wp\/v2\/categories?post=3814"},{"taxonomy":"post_tag","embeddable":true,"href":"https:\/\/www.hotelstil.com\/en\/wp-json\/wp\/v2\/tags?post=3814"}],"curies":[{"name":"wp","href":"https:\/\/api.w.org\/{rel}","templated":true}]}}