{"id":3530,"date":"2020-04-09T11:54:18","date_gmt":"2020-04-09T11:54:18","guid":{"rendered":"https:\/\/www.hotelstil.creare-siteweb.ro\/?p=3530"},"modified":"2020-04-15T05:03:17","modified_gmt":"2020-04-15T05:03:17","slug":"pandemia-covid-19-si-suspendarea-temporara","status":"publish","type":"post","link":"https:\/\/www.hotelstil.com\/en\/pandemia-covid-19-si-suspendarea-temporara\/","title":{"rendered":"COVID-19 pandemic and temporary suspension"},"content":{"rendered":"<p>Hotel Stil decide suspendarea activit\u0103\u021bii hoteliere \u0219i de servire \u00een restaurant ca urmare a restric\u021biilor date de Ministerul Afacerilor Interne prin Ordonan\u021ba de Urgen\u021b\u0103 nr.1\/1999 cu privire la m\u0103suri de prevenire a r\u0103sp\u00e2ndirii cu COVID-19.<br \/>\nAceast\u0103 m\u0103sur\u0103 este necesar\u0103 pentru a respecta recomand\u0103rile impuse de autorit\u0103\u021bi \u0219i totodat\u0103  este o dovad\u0103 de responsabilitate fa\u021b\u0103 de comunitatea noastr\u0103, angaja\u021bi \u0219i oaspe\u021bi deopotriv\u0103.<br \/>\nR\u0103m\u00e2nem \u00een contact cu dumneavoastr\u0103 prin e-mail la <a href=\"mailto:contact@hotelstil.com\">contact@hotelstil.com<\/a> sau telefonic +40729084324.<br \/>\nTotodat\u0103 am ales s\u0103 privim aceast\u0103 situa\u021bie ca pe o oportunitate de a \u00eentreprinde activit\u0103\u021bi de renovare, cur\u0103\u021benie \u0219i dezinfectare a spa\u021biilor. Suntem \u00eencrez\u0103tori c\u0103 \u00eempreun\u0103 putem trece peste aceast\u0103 situa\u021bie, iar noi suntem preg\u0103ti\u021bi s\u0103 v\u0103 \u00eent\u00e2mpin\u0103m cu mai mult\u0103 familiaritate \u0219i stil.<br \/>\nR\u0103m\u00e2ne\u021bi puternici \u0219i s\u0103n\u0103to\u0219i!<\/p>\n<div style=\"margin: 20px 0;\"><div class=\"qrcswholewtapper\" style=\"text-align:left;\"><div class=\"qrcprowrapper\"  id=\"qrcwraa2leds\"><div class=\"qrc_canvass\" id=\"qrc_cuttenpages_2\" style=\"display:none\" data-text=\"https:\/\/www.hotelstil.com\/en\/pandemia-covid-19-si-suspendarea-temporara\/\"><\/div><\/div><\/div><\/div>","protected":false},"excerpt":{"rendered":"<p>Hotel Stil decide suspendarea activit\u0103\u021bii hoteliere \u0219i de servire \u00een restaurant ca urmare a restric\u021biilor date de Ministerul Afacerilor Interne prin Ordonan\u021ba [&hellip;]<\/p>\n","protected":false},"author":1,"featured_media":3571,"comment_status":"closed","ping_status":"closed","sticky":false,"template":"","format":"standard","meta":{"_acf_changed":false,"footnotes":""},"categories":[1],"tags":[],"class_list":["post-3530","post","type-post","status-publish","format-standard","has-post-thumbnail","hentry","category-uncategorized-ro"],"acf":[],"yoast_head":"<!-- This site is optimized with the Yoast SEO plugin v27.4 - https:\/\/yoast.com\/product\/yoast-seo-wordpress\/ -->\n<title>Pandemia COVID-19 \u0219i suspendarea temporar\u0103 - Hotel Stil<\/title>\n<meta name=\"robots\" content=\"index, follow, max-snippet:-1, max-image-preview:large, max-video-preview:-1\" \/>\n<link rel=\"canonical\" href=\"https:\/\/www.hotelstil.com\/en\/pandemia-covid-19-si-suspendarea-temporara\/\" \/>\n<meta property=\"og:locale\" content=\"en_US\" \/>\n<meta property=\"og:type\" content=\"article\" \/>\n<meta property=\"og:title\" content=\"Pandemia COVID-19 \u0219i suspendarea temporar\u0103 - Hotel Stil\" \/>\n<meta property=\"og:description\" content=\"Hotel Stil decide suspendarea activit\u0103\u021bii hoteliere \u0219i de servire \u00een restaurant ca urmare a restric\u021biilor date de Ministerul Afacerilor Interne prin Ordonan\u021ba [&hellip;]\" \/>\n<meta property=\"og:url\" content=\"https:\/\/www.hotelstil.com\/en\/pandemia-covid-19-si-suspendarea-temporara\/\" \/>\n<meta property=\"og:site_name\" content=\"Hotel Stil\" \/>\n<meta property=\"article:published_time\" content=\"2020-04-09T11:54:18+00:00\" \/>\n<meta property=\"article:modified_time\" content=\"2020-04-15T05:03:17+00:00\" \/>\n<meta property=\"og:image\" content=\"https:\/\/www.hotelstil.com\/wp-content\/uploads\/2020\/04\/PPH_5802-crop-min-scaled.jpg\" \/>\n\t<meta property=\"og:image:width\" content=\"2560\" \/>\n\t<meta property=\"og:image:height\" content=\"885\" \/>\n\t<meta property=\"og:image:type\" content=\"image\/jpeg\" \/>\n<meta name=\"author\" content=\"wedev\" \/>\n<meta name=\"twitter:card\" content=\"summary_large_image\" \/>\n<meta name=\"twitter:label1\" content=\"Written by\" \/>\n\t<meta name=\"twitter:data1\" content=\"wedev\" \/>\n\t<meta name=\"twitter:label2\" content=\"Est. reading time\" \/>\n\t<meta name=\"twitter:data2\" content=\"1 minute\" \/>\n<script type=\"application\/ld+json\" class=\"yoast-schema-graph\">{\"@context\":\"https:\\\/\\\/schema.org\",\"@graph\":[{\"@type\":\"Article\",\"@id\":\"https:\\\/\\\/www.hotelstil.com\\\/pandemia-covid-19-si-suspendarea-temporara\\\/#article\",\"isPartOf\":{\"@id\":\"https:\\\/\\\/www.hotelstil.com\\\/pandemia-covid-19-si-suspendarea-temporara\\\/\"},\"author\":{\"name\":\"wedev\",\"@id\":\"https:\\\/\\\/www.hotelstil.com\\\/#\\\/schema\\\/person\\\/d70098fe192dcb4e1bc1fa5fb2b39b0f\"},\"headline\":\"Pandemia COVID-19 \u0219i suspendarea temporar\u0103\",\"datePublished\":\"2020-04-09T11:54:18+00:00\",\"dateModified\":\"2020-04-15T05:03:17+00:00\",\"mainEntityOfPage\":{\"@id\":\"https:\\\/\\\/www.hotelstil.com\\\/pandemia-covid-19-si-suspendarea-temporara\\\/\"},\"wordCount\":156,\"image\":{\"@id\":\"https:\\\/\\\/www.hotelstil.com\\\/pandemia-covid-19-si-suspendarea-temporara\\\/#primaryimage\"},\"thumbnailUrl\":\"https:\\\/\\\/www.hotelstil.com\\\/wp-content\\\/uploads\\\/2020\\\/04\\\/PPH_5802-crop-min-scaled.jpg\",\"articleSection\":[\"Uncategorized @ro\"],\"inLanguage\":\"en-US\"},{\"@type\":\"WebPage\",\"@id\":\"https:\\\/\\\/www.hotelstil.com\\\/pandemia-covid-19-si-suspendarea-temporara\\\/\",\"url\":\"https:\\\/\\\/www.hotelstil.com\\\/pandemia-covid-19-si-suspendarea-temporara\\\/\",\"name\":\"Pandemia COVID-19 \u0219i suspendarea temporar\u0103 - Hotel Stil\",\"isPartOf\":{\"@id\":\"https:\\\/\\\/www.hotelstil.com\\\/#website\"},\"primaryImageOfPage\":{\"@id\":\"https:\\\/\\\/www.hotelstil.com\\\/pandemia-covid-19-si-suspendarea-temporara\\\/#primaryimage\"},\"image\":{\"@id\":\"https:\\\/\\\/www.hotelstil.com\\\/pandemia-covid-19-si-suspendarea-temporara\\\/#primaryimage\"},\"thumbnailUrl\":\"https:\\\/\\\/www.hotelstil.com\\\/wp-content\\\/uploads\\\/2020\\\/04\\\/PPH_5802-crop-min-scaled.jpg\",\"datePublished\":\"2020-04-09T11:54:18+00:00\",\"dateModified\":\"2020-04-15T05:03:17+00:00\",\"author\":{\"@id\":\"https:\\\/\\\/www.hotelstil.com\\\/#\\\/schema\\\/person\\\/d70098fe192dcb4e1bc1fa5fb2b39b0f\"},\"inLanguage\":\"en-US\",\"potentialAction\":[{\"@type\":\"ReadAction\",\"target\":[\"https:\\\/\\\/www.hotelstil.com\\\/pandemia-covid-19-si-suspendarea-temporara\\\/\"]}]},{\"@type\":\"ImageObject\",\"inLanguage\":\"en-US\",\"@id\":\"https:\\\/\\\/www.hotelstil.com\\\/pandemia-covid-19-si-suspendarea-temporara\\\/#primaryimage\",\"url\":\"https:\\\/\\\/www.hotelstil.com\\\/wp-content\\\/uploads\\\/2020\\\/04\\\/PPH_5802-crop-min-scaled.jpg\",\"contentUrl\":\"https:\\\/\\\/www.hotelstil.com\\\/wp-content\\\/uploads\\\/2020\\\/04\\\/PPH_5802-crop-min-scaled.jpg\",\"width\":2560,\"height\":885},{\"@type\":\"WebSite\",\"@id\":\"https:\\\/\\\/www.hotelstil.com\\\/#website\",\"url\":\"https:\\\/\\\/www.hotelstil.com\\\/\",\"name\":\"Hotel Stil\",\"description\":\"\",\"potentialAction\":[{\"@type\":\"SearchAction\",\"target\":{\"@type\":\"EntryPoint\",\"urlTemplate\":\"https:\\\/\\\/www.hotelstil.com\\\/?s={search_term_string}\"},\"query-input\":{\"@type\":\"PropertyValueSpecification\",\"valueRequired\":true,\"valueName\":\"search_term_string\"}}],\"inLanguage\":\"en-US\"},{\"@type\":\"Person\",\"@id\":\"https:\\\/\\\/www.hotelstil.com\\\/#\\\/schema\\\/person\\\/d70098fe192dcb4e1bc1fa5fb2b39b0f\",\"name\":\"wedev\",\"image\":{\"@type\":\"ImageObject\",\"inLanguage\":\"en-US\",\"@id\":\"https:\\\/\\\/secure.gravatar.com\\\/avatar\\\/d7d66d2745dd4f93a0f6d290637638a75e80e940e6b5615adc93a547189ee0c4?s=96&d=mm&r=g\",\"url\":\"https:\\\/\\\/secure.gravatar.com\\\/avatar\\\/d7d66d2745dd4f93a0f6d290637638a75e80e940e6b5615adc93a547189ee0c4?s=96&d=mm&r=g\",\"contentUrl\":\"https:\\\/\\\/secure.gravatar.com\\\/avatar\\\/d7d66d2745dd4f93a0f6d290637638a75e80e940e6b5615adc93a547189ee0c4?s=96&d=mm&r=g\",\"caption\":\"wedev\"},\"url\":\"https:\\\/\\\/www.hotelstil.com\\\/en\\\/author\\\/wedev\\\/\"}]}<\/script>\n<!-- \/ Yoast SEO plugin. -->","yoast_head_json":{"title":"Pandemia COVID-19 \u0219i suspendarea temporar\u0103 - Hotel Stil","robots":{"index":"index","follow":"follow","max-snippet":"max-snippet:-1","max-image-preview":"max-image-preview:large","max-video-preview":"max-video-preview:-1"},"canonical":"https:\/\/www.hotelstil.com\/en\/pandemia-covid-19-si-suspendarea-temporara\/","og_locale":"en_US","og_type":"article","og_title":"Pandemia COVID-19 \u0219i suspendarea temporar\u0103 - Hotel Stil","og_description":"Hotel Stil decide suspendarea activit\u0103\u021bii hoteliere \u0219i de servire \u00een restaurant ca urmare a restric\u021biilor date de Ministerul Afacerilor Interne prin Ordonan\u021ba [&hellip;]","og_url":"https:\/\/www.hotelstil.com\/en\/pandemia-covid-19-si-suspendarea-temporara\/","og_site_name":"Hotel Stil","article_published_time":"2020-04-09T11:54:18+00:00","article_modified_time":"2020-04-15T05:03:17+00:00","og_image":[{"width":2560,"height":885,"url":"https:\/\/www.hotelstil.com\/wp-content\/uploads\/2020\/04\/PPH_5802-crop-min-scaled.jpg","type":"image\/jpeg"}],"author":"wedev","twitter_card":"summary_large_image","twitter_misc":{"Written by":"wedev","Est. reading time":"1 minute"},"schema":{"@context":"https:\/\/schema.org","@graph":[{"@type":"Article","@id":"https:\/\/www.hotelstil.com\/pandemia-covid-19-si-suspendarea-temporara\/#article","isPartOf":{"@id":"https:\/\/www.hotelstil.com\/pandemia-covid-19-si-suspendarea-temporara\/"},"author":{"name":"wedev","@id":"https:\/\/www.hotelstil.com\/#\/schema\/person\/d70098fe192dcb4e1bc1fa5fb2b39b0f"},"headline":"Pandemia COVID-19 \u0219i suspendarea temporar\u0103","datePublished":"2020-04-09T11:54:18+00:00","dateModified":"2020-04-15T05:03:17+00:00","mainEntityOfPage":{"@id":"https:\/\/www.hotelstil.com\/pandemia-covid-19-si-suspendarea-temporara\/"},"wordCount":156,"image":{"@id":"https:\/\/www.hotelstil.com\/pandemia-covid-19-si-suspendarea-temporara\/#primaryimage"},"thumbnailUrl":"https:\/\/www.hotelstil.com\/wp-content\/uploads\/2020\/04\/PPH_5802-crop-min-scaled.jpg","articleSection":["Uncategorized @ro"],"inLanguage":"en-US"},{"@type":"WebPage","@id":"https:\/\/www.hotelstil.com\/pandemia-covid-19-si-suspendarea-temporara\/","url":"https:\/\/www.hotelstil.com\/pandemia-covid-19-si-suspendarea-temporara\/","name":"Pandemia COVID-19 \u0219i suspendarea temporar\u0103 - Hotel Stil","isPartOf":{"@id":"https:\/\/www.hotelstil.com\/#website"},"primaryImageOfPage":{"@id":"https:\/\/www.hotelstil.com\/pandemia-covid-19-si-suspendarea-temporara\/#primaryimage"},"image":{"@id":"https:\/\/www.hotelstil.com\/pandemia-covid-19-si-suspendarea-temporara\/#primaryimage"},"thumbnailUrl":"https:\/\/www.hotelstil.com\/wp-content\/uploads\/2020\/04\/PPH_5802-crop-min-scaled.jpg","datePublished":"2020-04-09T11:54:18+00:00","dateModified":"2020-04-15T05:03:17+00:00","author":{"@id":"https:\/\/www.hotelstil.com\/#\/schema\/person\/d70098fe192dcb4e1bc1fa5fb2b39b0f"},"inLanguage":"en-US","potentialAction":[{"@type":"ReadAction","target":["https:\/\/www.hotelstil.com\/pandemia-covid-19-si-suspendarea-temporara\/"]}]},{"@type":"ImageObject","inLanguage":"en-US","@id":"https:\/\/www.hotelstil.com\/pandemia-covid-19-si-suspendarea-temporara\/#primaryimage","url":"https:\/\/www.hotelstil.com\/wp-content\/uploads\/2020\/04\/PPH_5802-crop-min-scaled.jpg","contentUrl":"https:\/\/www.hotelstil.com\/wp-content\/uploads\/2020\/04\/PPH_5802-crop-min-scaled.jpg","width":2560,"height":885},{"@type":"WebSite","@id":"https:\/\/www.hotelstil.com\/#website","url":"https:\/\/www.hotelstil.com\/","name":"Hotel Stil","description":"","potentialAction":[{"@type":"SearchAction","target":{"@type":"EntryPoint","urlTemplate":"https:\/\/www.hotelstil.com\/?s={search_term_string}"},"query-input":{"@type":"PropertyValueSpecification","valueRequired":true,"valueName":"search_term_string"}}],"inLanguage":"en-US"},{"@type":"Person","@id":"https:\/\/www.hotelstil.com\/#\/schema\/person\/d70098fe192dcb4e1bc1fa5fb2b39b0f","name":"wedev","image":{"@type":"ImageObject","inLanguage":"en-US","@id":"https:\/\/secure.gravatar.com\/avatar\/d7d66d2745dd4f93a0f6d290637638a75e80e940e6b5615adc93a547189ee0c4?s=96&d=mm&r=g","url":"https:\/\/secure.gravatar.com\/avatar\/d7d66d2745dd4f93a0f6d290637638a75e80e940e6b5615adc93a547189ee0c4?s=96&d=mm&r=g","contentUrl":"https:\/\/secure.gravatar.com\/avatar\/d7d66d2745dd4f93a0f6d290637638a75e80e940e6b5615adc93a547189ee0c4?s=96&d=mm&r=g","caption":"wedev"},"url":"https:\/\/www.hotelstil.com\/en\/author\/wedev\/"}]}},"_links":{"self":[{"href":"https:\/\/www.hotelstil.com\/en\/wp-json\/wp\/v2\/posts\/3530","targetHints":{"allow":["GET"]}}],"collection":[{"href":"https:\/\/www.hotelstil.com\/en\/wp-json\/wp\/v2\/posts"}],"about":[{"href":"https:\/\/www.hotelstil.com\/en\/wp-json\/wp\/v2\/types\/post"}],"author":[{"embeddable":true,"href":"https:\/\/www.hotelstil.com\/en\/wp-json\/wp\/v2\/users\/1"}],"replies":[{"embeddable":true,"href":"https:\/\/www.hotelstil.com\/en\/wp-json\/wp\/v2\/comments?post=3530"}],"version-history":[{"count":0,"href":"https:\/\/www.hotelstil.com\/en\/wp-json\/wp\/v2\/posts\/3530\/revisions"}],"wp:featuredmedia":[{"embeddable":true,"href":"https:\/\/www.hotelstil.com\/en\/wp-json\/wp\/v2\/media\/3571"}],"wp:attachment":[{"href":"https:\/\/www.hotelstil.com\/en\/wp-json\/wp\/v2\/media?parent=3530"}],"wp:term":[{"taxonomy":"category","embeddable":true,"href":"https:\/\/www.hotelstil.com\/en\/wp-json\/wp\/v2\/categories?post=3530"},{"taxonomy":"post_tag","embeddable":true,"href":"https:\/\/www.hotelstil.com\/en\/wp-json\/wp\/v2\/tags?post=3530"}],"curies":[{"name":"wp","href":"https:\/\/api.w.org\/{rel}","templated":true}]}}